{"id":6614,"date":"2025-08-27T10:47:00","date_gmt":"2025-08-27T09:47:00","guid":{"rendered":"https:\/\/edenalvor.com\/noite-de-cinema-no-eden\/"},"modified":"2025-10-22T12:02:21","modified_gmt":"2025-10-22T11:02:21","slug":"noite-de-cinema-no-eden","status":"publish","type":"post","link":"https:\/\/edenalvor.com\/pt-pt\/noite-de-cinema-no-eden\/","title":{"rendered":"Noite de cinema no Eden"},"content":{"rendered":"\n<p>Este s\u00e1bado ap\u00f3s o p\u00f4r do sol, vamos transformar o Eden Alvor Spa &amp; Pool num cinema ao ar livre para ver um filme.<\/p>\n\n<p>Entrada gratuita.<\/p>\n\n<p>Pe\u00e7a a sua comida e bebidas favoritas diretamente do Restaurante Eden atrav\u00e9s do nosso c\u00f3digo QR.<br\/>Tem um doce desejo? Temos snacks e doces prontos a servir. <\/p>\n\n<p>Reserve um lugar numa das nossas mesas ou espregui\u00e7adeiras e vamos tornar esta noite memor\u00e1vel<\/p>\n\n<p>Localiza\u00e7\u00e3o: <span style=\"font-size: revert;\">Eden Alvor Spa<\/span><\/p>\n\n<p>Data: S\u00e1bado | 20h00<br\/>Filme: Piratas das Cara\u00edbas: A Maldi\u00e7\u00e3o do P\u00e9rola Negra<\/p>\n\n<p><\/p>\n\n<p>Este s\u00e1bado, depois do p\u00f4r do sol, vamos transformar o Eden Alvor Spa &amp; Pool num cinema ao ar livre para ver um filme.<\/p>\n\n<p>Entrada gratuita.<\/p>\n\n<p>Pe\u00e7a a sua comida e bebida favorita diretamente do Eden Restaurante atrav\u00e9s do nosso c\u00f3digo QR.<br\/>Gosta de doces? Temos snacks e guloseimas prontos a servir. <\/p>\n\n<p>Escolha um lugar numa das nossas mesas ou espregui\u00e7adeiras e vamos fazer desta uma noite inesquec\u00edvel.<\/p>\n\n<p>Eden Alvor Spa<br\/>S\u00e1bado | 20h00<br\/>Piratas das Cara\u00edbas: A Maldi\u00e7\u00e3o do P\u00e9rola Negra (VO)<\/p>\n","protected":false},"excerpt":{"rendered":"<p>Este s\u00e1bado ap\u00f3s o p\u00f4r do sol, vamos transformar o Eden Alvor Spa &amp; Pool num cinema ao ar livre para ver um filme. Entrada gratuita. Pe\u00e7a a sua comida e bebidas favoritas diretamente do Restaurante Eden atrav\u00e9s do nosso c\u00f3digo QR.Tem um doce desejo? Temos snacks e doces prontos a servir. Reserve um lugar [&hellip;]<\/p>\n","protected":false},"author":90,"featured_media":6615,"comment_status":"open","ping_status":"open","sticky":false,"template":"","format":"standard","meta":{"_piecal_is_event":false,"_piecal_start_date":"","_piecal_end_date":"","_piecal_is_allday":false,"footnotes":""},"categories":[66],"tags":[],"class_list":["post-6614","post","type-post","status-publish","format-standard","has-post-thumbnail","hentry","category-evento"],"_links":{"self":[{"href":"https:\/\/edenalvor.com\/pt-pt\/wp-json\/wp\/v2\/posts\/6614","targetHints":{"allow":["GET"]}}],"collection":[{"href":"https:\/\/edenalvor.com\/pt-pt\/wp-json\/wp\/v2\/posts"}],"about":[{"href":"https:\/\/edenalvor.com\/pt-pt\/wp-json\/wp\/v2\/types\/post"}],"author":[{"embeddable":true,"href":"https:\/\/edenalvor.com\/pt-pt\/wp-json\/wp\/v2\/users\/90"}],"replies":[{"embeddable":true,"href":"https:\/\/edenalvor.com\/pt-pt\/wp-json\/wp\/v2\/comments?post=6614"}],"version-history":[{"count":1,"href":"https:\/\/edenalvor.com\/pt-pt\/wp-json\/wp\/v2\/posts\/6614\/revisions"}],"predecessor-version":[{"id":6617,"href":"https:\/\/edenalvor.com\/pt-pt\/wp-json\/wp\/v2\/posts\/6614\/revisions\/6617"}],"wp:featuredmedia":[{"embeddable":true,"href":"https:\/\/edenalvor.com\/pt-pt\/wp-json\/wp\/v2\/media\/6615"}],"wp:attachment":[{"href":"https:\/\/edenalvor.com\/pt-pt\/wp-json\/wp\/v2\/media?parent=6614"}],"wp:term":[{"taxonomy":"category","embeddable":true,"href":"https:\/\/edenalvor.com\/pt-pt\/wp-json\/wp\/v2\/categories?post=6614"},{"taxonomy":"post_tag","embeddable":true,"href":"https:\/\/edenalvor.com\/pt-pt\/wp-json\/wp\/v2\/tags?post=6614"}],"curies":[{"name":"wp","href":"https:\/\/api.w.org\/{rel}","templated":true}]}}