{"id":6643,"date":"2025-09-05T12:42:36","date_gmt":"2025-09-05T11:42:36","guid":{"rendered":"https:\/\/edenalvor.com\/novos-precos-de-spa-e-horarios-de-funcionamento-em-setembro\/"},"modified":"2025-10-22T12:02:41","modified_gmt":"2025-10-22T11:02:41","slug":"novos-precos-de-spa-e-horarios-de-funcionamento-em-setembro","status":"publish","type":"post","link":"https:\/\/edenalvor.com\/pt-pt\/novos-precos-de-spa-e-horarios-de-funcionamento-em-setembro\/","title":{"rendered":"Novos Pre\u00e7os de Spa e Hor\u00e1rios de Funcionamento em Setembro"},"content":{"rendered":"\n<p class=\"has-medium-font-size\"><strong>Novos pre\u00e7os de Spa e hor\u00e1rios de funcionamento em setembro<\/strong><\/p>\n\n<p>Com o fim do ver\u00e3o e a chegada do outono, este \u00e9 o momento ideal para abrandar, recarregar energias e desfrutar do melhor do Eden. Para esta nova esta\u00e7\u00e3o, introduzimos novos hor\u00e1rios e pre\u00e7os revistos, tornando as suas visitas ainda mais flex\u00edveis e agrad\u00e1veis. <\/p>\n\n<p><strong>Hor\u00e1rios a partir de 1 de setembro<\/strong><\/p>\n\n<p><strong>Spa<\/strong>: 10h \u2013 18h<br\/>\u2022 Meio-dia: 10h \u2013 14h ou 14h \u2013 18h<br\/>\u2022 Dia inteiro: 10h \u2013 18h<\/p>\n\n<p><strong>Massagens &amp; Tratamentos de Beleza<\/strong>: 10h \u2013 19h<\/p>\n\n<p><strong>Mini Golfe<\/strong>: 10h \u2013 23h (\u00faltima sa\u00edda 22h)<\/p>\n\n<p><strong>Restaurante<\/strong>: 10h \u2013 23h (\u00faltima reserva online 21h)<\/p>\n\n<p><strong>Novos Pre\u00e7os de Entrada no Eden Spa<\/strong><br\/>Por hora: Adulto \u20ac10 | Crian\u00e7a \u20ac7<br\/>Inclui piscina aquecida e sauna.<br\/>Espregui\u00e7adeira +\u20ac5 | Aluguer de toalha +\u20ac5 (ou traga a sua).<\/p>\n\n<p><strong>Pacotes Eden Spa<\/strong><br\/>Meio-dia (10h \u2013 14h ou 14h \u2013 18h): Adulto \u20ac18 | Crian\u00e7a \u20ac12<br\/>Dia inteiro (10h \u2013 18h): Adulto \u20ac27 | Crian\u00e7a \u20ac18<br\/>Inclui sauna e espregui\u00e7adeira.<\/p>\n\n<p><strong>Combos &amp; Extras de Mini Golfe<\/strong><br\/>Conjunto de Bebidas: \u20ac7 (antes \u20ac9)<br\/>Mini Golfe + 2 Bebidas: \u20ac20 (antes \u20ac22)<br\/>Conjunto de Pequeno-almo\u00e7o: \u20ac9 (antes \u20ac12)<br\/>Conjunto de Almo\u00e7o: \u20ac33 (antes \u20ac43)<br\/>Conjunto de Jantar: \u20ac50 (antes \u20ac67)<\/p>\n\n<p>Deixe que a nova esta\u00e7\u00e3o o inspire a viver momentos de relaxamento, divers\u00e3o e sabor no Eden.<\/p>\n\n<p class=\"has-medium-font-size\"><strong>Novos Pre\u00e7os de Spa e Hor\u00e1rios de Funcionamento em Setembro<\/strong><\/p>\n\n<p>Com o fim do ver\u00e3o e a chegada do outono, este \u00e9 o momento ideal para abrandar, recarregar energias e desfrutar do melhor do Eden. Para esta nova esta\u00e7\u00e3o, introduzimos novos hor\u00e1rios e pre\u00e7os revistos, tornando as suas visitas ainda mais flex\u00edveis e agrad\u00e1veis. <\/p>\n\n<p><strong>Hor\u00e1rios a partir de 1 de setembro<\/strong><\/p>\n\n<p><strong>Spa<\/strong>: 10h \u2013 18h<br\/>\u2022 Meio-dia: 10h \u2013 14h ou 14h \u2013 18h<br\/>\u2022 Dia inteiro: 10h \u2013 18h<\/p>\n\n<p><strong>Massagens &amp; Tratamentos de Beleza<\/strong>: 10h \u2013 19h<\/p>\n\n<p><strong>Mini Golfe<\/strong>: 10h \u2013 23h (\u00faltima sa\u00edda 22h)<\/p>\n\n<p><strong>Restaurante<\/strong>: 10h \u2013 23h (\u00faltima reserva online 21h)<\/p>\n\n<p><strong>Novos Pre\u00e7os de Entrada no Eden Spa<\/strong><br\/>Por hora: Adulto \u20ac10 | Crian\u00e7a \u20ac7<br\/>Inclui piscina aquecida e sauna.<br\/>Espregui\u00e7adeira +\u20ac5 | Aluguer de toalha +\u20ac5 (ou traga a sua).<\/p>\n\n<p><strong>Pacotes Eden Spa<\/strong><br\/>Meio-dia (10h \u2013 14h ou 14h \u2013 18h): Adulto \u20ac18 | Crian\u00e7a \u20ac12<br\/>Dia inteiro (10h \u2013 18h): Adulto \u20ac27 | Crian\u00e7a \u20ac18<br\/>Inclui sauna e espregui\u00e7adeira.<\/p>\n\n<p><strong>Combos &amp; Extras de Mini Golfe<\/strong><br\/>Conjunto de Bebidas: \u20ac7 (antes \u20ac9)<br\/>Mini Golfe + 2 Bebidas: \u20ac20 (antes \u20ac22)<br\/>Conjunto de Pequeno-almo\u00e7o: \u20ac9 (antes \u20ac12)<br\/>Conjunto de Almo\u00e7o: \u20ac33 (antes \u20ac43)<br\/>Conjunto de Jantar: \u20ac50 (antes \u20ac67)<\/p>\n\n<p>Deixe que a nova esta\u00e7\u00e3o o inspire a viver momentos de relaxamento, divers\u00e3o e sabor no Eden.<\/p>\n\n<p><\/p>\n\n<p><\/p>\n","protected":false},"excerpt":{"rendered":"<p>Novos pre\u00e7os de Spa e hor\u00e1rios de funcionamento em setembro Com o fim do ver\u00e3o e a chegada do outono, este \u00e9 o momento ideal para abrandar, recarregar energias e desfrutar do melhor do Eden. Para esta nova esta\u00e7\u00e3o, introduzimos novos hor\u00e1rios e pre\u00e7os revistos, tornando as suas visitas ainda mais flex\u00edveis e agrad\u00e1veis. Hor\u00e1rios [&hellip;]<\/p>\n","protected":false},"author":90,"featured_media":6644,"comment_status":"open","ping_status":"open","sticky":false,"template":"","format":"standard","meta":{"_piecal_is_event":false,"_piecal_start_date":"","_piecal_end_date":"","_piecal_is_allday":false,"footnotes":""},"categories":[55],"tags":[],"class_list":["post-6643","post","type-post","status-publish","format-standard","has-post-thumbnail","hentry","category-blogue"],"_links":{"self":[{"href":"https:\/\/edenalvor.com\/pt-pt\/wp-json\/wp\/v2\/posts\/6643","targetHints":{"allow":["GET"]}}],"collection":[{"href":"https:\/\/edenalvor.com\/pt-pt\/wp-json\/wp\/v2\/posts"}],"about":[{"href":"https:\/\/edenalvor.com\/pt-pt\/wp-json\/wp\/v2\/types\/post"}],"author":[{"embeddable":true,"href":"https:\/\/edenalvor.com\/pt-pt\/wp-json\/wp\/v2\/users\/90"}],"replies":[{"embeddable":true,"href":"https:\/\/edenalvor.com\/pt-pt\/wp-json\/wp\/v2\/comments?post=6643"}],"version-history":[{"count":1,"href":"https:\/\/edenalvor.com\/pt-pt\/wp-json\/wp\/v2\/posts\/6643\/revisions"}],"predecessor-version":[{"id":6645,"href":"https:\/\/edenalvor.com\/pt-pt\/wp-json\/wp\/v2\/posts\/6643\/revisions\/6645"}],"wp:featuredmedia":[{"embeddable":true,"href":"https:\/\/edenalvor.com\/pt-pt\/wp-json\/wp\/v2\/media\/6644"}],"wp:attachment":[{"href":"https:\/\/edenalvor.com\/pt-pt\/wp-json\/wp\/v2\/media?parent=6643"}],"wp:term":[{"taxonomy":"category","embeddable":true,"href":"https:\/\/edenalvor.com\/pt-pt\/wp-json\/wp\/v2\/categories?post=6643"},{"taxonomy":"post_tag","embeddable":true,"href":"https:\/\/edenalvor.com\/pt-pt\/wp-json\/wp\/v2\/tags?post=6643"}],"curies":[{"name":"wp","href":"https:\/\/api.w.org\/{rel}","templated":true}]}}