{"id":9508,"date":"2025-10-21T10:11:28","date_gmt":"2025-10-21T09:11:28","guid":{"rendered":"https:\/\/edenalvor.com\/almoco-de-natal\/"},"modified":"2025-10-22T12:32:51","modified_gmt":"2025-10-22T11:32:51","slug":"almoco-de-natal","status":"publish","type":"post","link":"https:\/\/edenalvor.com\/pt-pt\/almoco-de-natal\/","title":{"rendered":"Almo\u00e7o de Natal"},"content":{"rendered":"\n<p>O Dia de Natal no Eden Alvor \u00e9 um dos momentos mais aguardados do ano. Junte-se a n\u00f3s para desfrutar de um menu festivo especial, criado para uma tarde relaxada e alegre. Reservas dispon\u00edveis das 12h00 \u00e0s 18h00, com o encerramento do espa\u00e7o \u00e0s 20h00.  <\/p>\n\n<p><strong>Menu de Natal<\/strong><br\/>Couvert<br\/>P\u00e3o, manteigas aromatizadas, azeite infusionado, pasta de azeitona.<\/p>\n\n<p>Entrada<br\/>Creme de castanhas com am\u00eandoas torradas.<\/p>\n\n<p>Peixe<br\/>Polvo com pur\u00e9 de batata-doce, couve romanesco, milho baby e ovas de peixe.<\/p>\n\n<p>ou<\/p>\n\n<p>Carne<br\/>Lombo de porco preto com pur\u00e9 de batata, cogumelos e cebolinho, servido com couve romanesco, milho baby e jus.<\/p>\n\n<p>ou<\/p>\n\n<p>Vegetariano<br\/>Risotto de cogumelos trufados.<\/p>\n\n<p>Sobremesa<br\/>Folhado de ma\u00e7\u00e3 com gelado de baunilha.<\/p>\n\n<figure class=\"wp-block-embed is-type-wp-embed is-provider-eden-alvor wp-block-embed-eden-alvor\"><div class=\"wp-block-embed__wrapper\">\n<blockquote class=\"wp-embedded-content\" data-secret=\"xug2lbXvlN\"><a href=\"https:\/\/edenalvor.com\/pt-pt\/booking\/menu-do-dia-de-natal\/\">Christmas Day Menu<\/a><\/blockquote><iframe loading=\"lazy\" class=\"wp-embedded-content\" sandbox=\"allow-scripts\" security=\"restricted\" style=\"position: absolute; visibility: hidden;\" title=\"&#8220;Christmas Day Menu&#8221; &#8212; Eden Alvor\" src=\"https:\/\/edenalvor.com\/pt-pt\/booking\/menu-do-dia-de-natal\/embed\/#?secret=1loQZwM5hu#?secret=xug2lbXvlN\" data-secret=\"xug2lbXvlN\" width=\"600\" height=\"338\" frameborder=\"0\" marginwidth=\"0\" marginheight=\"0\" scrolling=\"no\"><\/iframe>\n<\/div><\/figure>\n","protected":false},"excerpt":{"rendered":"<p>O Dia de Natal no Eden Alvor \u00e9 um dos momentos mais aguardados do ano. Junte-se a n\u00f3s para desfrutar de um menu festivo especial, criado para uma tarde relaxada e alegre. Reservas dispon\u00edveis das 12h00 \u00e0s 18h00, com o encerramento do espa\u00e7o \u00e0s 20h00. Menu de NatalCouvertP\u00e3o, manteigas aromatizadas, azeite infusionado, pasta de azeitona. [&hellip;]<\/p>\n","protected":false},"author":90,"featured_media":0,"comment_status":"open","ping_status":"open","sticky":false,"template":"","format":"standard","meta":{"_piecal_is_event":false,"_piecal_start_date":"","_piecal_end_date":"","_piecal_is_allday":false,"footnotes":""},"categories":[66],"tags":[],"class_list":["post-9508","post","type-post","status-publish","format-standard","hentry","category-evento"],"_links":{"self":[{"href":"https:\/\/edenalvor.com\/pt-pt\/wp-json\/wp\/v2\/posts\/9508","targetHints":{"allow":["GET"]}}],"collection":[{"href":"https:\/\/edenalvor.com\/pt-pt\/wp-json\/wp\/v2\/posts"}],"about":[{"href":"https:\/\/edenalvor.com\/pt-pt\/wp-json\/wp\/v2\/types\/post"}],"author":[{"embeddable":true,"href":"https:\/\/edenalvor.com\/pt-pt\/wp-json\/wp\/v2\/users\/90"}],"replies":[{"embeddable":true,"href":"https:\/\/edenalvor.com\/pt-pt\/wp-json\/wp\/v2\/comments?post=9508"}],"version-history":[{"count":1,"href":"https:\/\/edenalvor.com\/pt-pt\/wp-json\/wp\/v2\/posts\/9508\/revisions"}],"predecessor-version":[{"id":9510,"href":"https:\/\/edenalvor.com\/pt-pt\/wp-json\/wp\/v2\/posts\/9508\/revisions\/9510"}],"wp:attachment":[{"href":"https:\/\/edenalvor.com\/pt-pt\/wp-json\/wp\/v2\/media?parent=9508"}],"wp:term":[{"taxonomy":"category","embeddable":true,"href":"https:\/\/edenalvor.com\/pt-pt\/wp-json\/wp\/v2\/categories?post=9508"},{"taxonomy":"post_tag","embeddable":true,"href":"https:\/\/edenalvor.com\/pt-pt\/wp-json\/wp\/v2\/tags?post=9508"}],"curies":[{"name":"wp","href":"https:\/\/api.w.org\/{rel}","templated":true}]}}