{"id":9514,"date":"2025-10-20T10:53:49","date_gmt":"2025-10-20T09:53:49","guid":{"rendered":"https:\/\/edenalvor.com\/e-a-epoca-para-celebrar\/"},"modified":"2025-10-22T12:32:56","modified_gmt":"2025-10-22T11:32:56","slug":"e-a-epoca-para-celebrar","status":"publish","type":"post","link":"https:\/\/edenalvor.com\/pt-pt\/e-a-epoca-para-celebrar\/","title":{"rendered":"\u00c9 a \u00c9poca para Celebrar"},"content":{"rendered":"\n<p><\/p>\n\n<p>\u00c0 medida que o ano chega ao fim, come\u00e7am a formar-se planos em torno de mesas partilhadas e rostos familiares. Seja com colegas a celebrar mais um ano juntos ou com fam\u00edlia e amigos a reunirem-se antes das festividades e do Ano Novo, o Eden est\u00e1 pronto para tornar esses momentos relaxantes e memor\u00e1veis. <\/p>\n\n<p>Os ingredientes para um bom encontro s\u00e3o simples: boa companhia, excelente comida e o ambiente certo. O Eden oferece os tr\u00eas. Situado nos arredores de Alvor e rodeado por jardins tropicais, proporciona um cen\u00e1rio magn\u00edfico tanto para jantares \u00edntimos como para celebra\u00e7\u00f5es maiores. Quer planeie receber convidados no Restaurante Eden ou prefira um evento mais exclusivo no nosso Spa Venue, encontrar\u00e1 o espa\u00e7o e ambiente perfeitos para a ocasi\u00e3o.   <\/p>\n\n<p>Os nossos Menus de Grupo trazem flexibilidade a qualquer celebra\u00e7\u00e3o, desde pequenos encontros a jantares festivos. Para algo verdadeiramente especial, o nosso Menu de Natal trata de todos os detalhes para que possa simplesmente desfrutar do dia. E em breve, os nossos Menus de Natal Sueco e de Ano Novo acrescentar\u00e3o \u00e0 \u00e9poca, com sabores reconfortantes de inverno e algumas surpresas. Os eventos privados no Spa Venue tamb\u00e9m podem ser adaptados ao seu grupo, desde a disposi\u00e7\u00e3o das mesas ao menu.   <\/p>\n\n<p>Se est\u00e1 a planear a sua celebra\u00e7\u00e3o, agora \u00e9 a altura perfeita para come\u00e7ar. Visite a <a href=\"https:\/\/edenalvor.com\/pt-pt\/booking\/restaurante\/\"><span style=\"text-decoration: underline;\">sec\u00e7\u00e3o do Restaurante<\/span> no nosso s\u00edtio<\/a> para explorar o que oferecemos ou <a href=\"https:\/\/edenalvor.com\/pt-pt\/eventos-de-grupo\/\"><span style=\"text-decoration: underline;\">contacte-nos<\/span> diretamente<\/a> para come\u00e7ar a planear o seu evento. <\/p>\n\n<p><\/p>\n\n<p><\/p>\n","protected":false},"excerpt":{"rendered":"<p>\u00c0 medida que o ano chega ao fim, come\u00e7am a formar-se planos em torno de mesas partilhadas e rostos familiares. Seja com colegas a celebrar mais um ano juntos ou com fam\u00edlia e amigos a reunirem-se antes das festividades e do Ano Novo, o Eden est\u00e1 pronto para tornar esses momentos relaxantes e memor\u00e1veis. Os [&hellip;]<\/p>\n","protected":false},"author":90,"featured_media":9516,"comment_status":"open","ping_status":"open","sticky":false,"template":"","format":"standard","meta":{"_piecal_is_event":false,"_piecal_start_date":"","_piecal_end_date":"","_piecal_is_allday":false,"footnotes":""},"categories":[55],"tags":[],"class_list":["post-9514","post","type-post","status-publish","format-standard","has-post-thumbnail","hentry","category-blogue"],"_links":{"self":[{"href":"https:\/\/edenalvor.com\/pt-pt\/wp-json\/wp\/v2\/posts\/9514","targetHints":{"allow":["GET"]}}],"collection":[{"href":"https:\/\/edenalvor.com\/pt-pt\/wp-json\/wp\/v2\/posts"}],"about":[{"href":"https:\/\/edenalvor.com\/pt-pt\/wp-json\/wp\/v2\/types\/post"}],"author":[{"embeddable":true,"href":"https:\/\/edenalvor.com\/pt-pt\/wp-json\/wp\/v2\/users\/90"}],"replies":[{"embeddable":true,"href":"https:\/\/edenalvor.com\/pt-pt\/wp-json\/wp\/v2\/comments?post=9514"}],"version-history":[{"count":1,"href":"https:\/\/edenalvor.com\/pt-pt\/wp-json\/wp\/v2\/posts\/9514\/revisions"}],"predecessor-version":[{"id":9517,"href":"https:\/\/edenalvor.com\/pt-pt\/wp-json\/wp\/v2\/posts\/9514\/revisions\/9517"}],"wp:featuredmedia":[{"embeddable":true,"href":"https:\/\/edenalvor.com\/pt-pt\/wp-json\/wp\/v2\/media\/9516"}],"wp:attachment":[{"href":"https:\/\/edenalvor.com\/pt-pt\/wp-json\/wp\/v2\/media?parent=9514"}],"wp:term":[{"taxonomy":"category","embeddable":true,"href":"https:\/\/edenalvor.com\/pt-pt\/wp-json\/wp\/v2\/categories?post=9514"},{"taxonomy":"post_tag","embeddable":true,"href":"https:\/\/edenalvor.com\/pt-pt\/wp-json\/wp\/v2\/tags?post=9514"}],"curies":[{"name":"wp","href":"https:\/\/api.w.org\/{rel}","templated":true}]}}