{"id":9538,"date":"2025-07-23T10:01:10","date_gmt":"2025-07-23T09:01:10","guid":{"rendered":"https:\/\/edenalvor.com\/festa-na-piscina-do-eden\/"},"modified":"2025-10-22T12:33:00","modified_gmt":"2025-10-22T11:33:00","slug":"festa-na-piscina-do-eden","status":"publish","type":"post","link":"https:\/\/edenalvor.com\/pt-pt\/festa-na-piscina-do-eden\/","title":{"rendered":"Festa na Piscina do Eden"},"content":{"rendered":"\n<p>Cocktails, bebidas, m\u00fasica, dan\u00e7a, piscina e ambiente de ver\u00e3o, todas as noites na Festa na Piscina do Eden.<\/p>\n\n<p>Venha e desfrute da noite perfeita em Alvor.<\/p>\n\n<p><img loading=\"lazy\" decoding=\"async\" width=\"16\" height=\"16\" src=\"https:\/\/static.xx.fbcdn.net\/images\/emoji.php\/v9\/t34\/1\/16\/23f0.png\" alt=\"&#x23F0;\"\/>  Das 19:00 \u00e0s 23:00, 23 de julho<br\/><img loading=\"lazy\" decoding=\"async\" width=\"16\" height=\"16\" src=\"https:\/\/static.xx.fbcdn.net\/images\/emoji.php\/v9\/t2d\/1\/16\/1f4cd.png\" alt=\"&#x1F4CD;\"\/>Eden Alvor \u2013 \u00c1rea do spa<\/p>\n\n<p>A entrada \u00e9 gratuita, assim como o uso da piscina e da sauna, mas tenha em aten\u00e7\u00e3o que existe um requisito de consumo m\u00ednimo.<\/p>\n\n<p>P.S. \u00c9 necess\u00e1ria uma toalha se planeia utilizar a piscina. Traga a sua ou alugue uma das nossas. <\/p>\n\n<p>Vemo-nos l\u00e1<\/p>\n\n<p>Cocktails, bebidas, m\u00fasica, dan\u00e7a, piscina e ambiente de ver\u00e3o, todas as noites na Festa na Piscina do Eden.<br\/>Venha desfrutar da noite perfeita em Alvor.<\/p>\n\n<p><img loading=\"lazy\" decoding=\"async\" width=\"16\" height=\"16\" src=\"https:\/\/static.xx.fbcdn.net\/images\/emoji.php\/v9\/t34\/1\/16\/23f0.png\" alt=\"&#x23F0;\"\/><span style=\"font-size: revert;\">Das 19:00 \u00e0s 23:00<\/span>, 23 de julho<br\/><img loading=\"lazy\" decoding=\"async\" width=\"16\" height=\"16\" src=\"https:\/\/static.xx.fbcdn.net\/images\/emoji.php\/v9\/t2d\/1\/16\/1f4cd.png\" alt=\"&#x1F4CD;\"\/><span style=\"font-size: revert;\">Eden Alvor \u2013 Zona do spa<\/span><\/p>\n\n<p>A entrada \u00e9 gratuita, assim como o uso da piscina e da sauna, mas pedimos que tenha em conta que existe um consumo m\u00ednimo obrigat\u00f3rio.<\/p>\n\n<p>\u00c9 necess\u00e1rio levar toalha se estiver a planear usar a piscina. Traga a sua ou alugue uma das nossas. <\/p>\n\n<p>At\u00e9 j\u00e1<\/p>\n","protected":false},"excerpt":{"rendered":"<p>Cocktails, bebidas, m\u00fasica, dan\u00e7a, piscina e ambiente de ver\u00e3o, todas as noites na Festa na Piscina do Eden. Venha e desfrute da noite perfeita em Alvor. Das 19:00 \u00e0s 23:00, 23 de julhoEden Alvor \u2013 \u00c1rea do spa A entrada \u00e9 gratuita, assim como o uso da piscina e da sauna, mas tenha em aten\u00e7\u00e3o [&hellip;]<\/p>\n","protected":false},"author":1,"featured_media":9541,"comment_status":"closed","ping_status":"closed","sticky":false,"template":"","format":"standard","meta":{"_piecal_is_event":false,"_piecal_start_date":"","_piecal_end_date":"","_piecal_is_allday":false,"footnotes":""},"categories":[66],"tags":[],"class_list":["post-9538","post","type-post","status-publish","format-standard","has-post-thumbnail","hentry","category-evento"],"_links":{"self":[{"href":"https:\/\/edenalvor.com\/pt-pt\/wp-json\/wp\/v2\/posts\/9538","targetHints":{"allow":["GET"]}}],"collection":[{"href":"https:\/\/edenalvor.com\/pt-pt\/wp-json\/wp\/v2\/posts"}],"about":[{"href":"https:\/\/edenalvor.com\/pt-pt\/wp-json\/wp\/v2\/types\/post"}],"author":[{"embeddable":true,"href":"https:\/\/edenalvor.com\/pt-pt\/wp-json\/wp\/v2\/users\/1"}],"replies":[{"embeddable":true,"href":"https:\/\/edenalvor.com\/pt-pt\/wp-json\/wp\/v2\/comments?post=9538"}],"version-history":[{"count":1,"href":"https:\/\/edenalvor.com\/pt-pt\/wp-json\/wp\/v2\/posts\/9538\/revisions"}],"predecessor-version":[{"id":9543,"href":"https:\/\/edenalvor.com\/pt-pt\/wp-json\/wp\/v2\/posts\/9538\/revisions\/9543"}],"wp:featuredmedia":[{"embeddable":true,"href":"https:\/\/edenalvor.com\/pt-pt\/wp-json\/wp\/v2\/media\/9541"}],"wp:attachment":[{"href":"https:\/\/edenalvor.com\/pt-pt\/wp-json\/wp\/v2\/media?parent=9538"}],"wp:term":[{"taxonomy":"category","embeddable":true,"href":"https:\/\/edenalvor.com\/pt-pt\/wp-json\/wp\/v2\/categories?post=9538"},{"taxonomy":"post_tag","embeddable":true,"href":"https:\/\/edenalvor.com\/pt-pt\/wp-json\/wp\/v2\/tags?post=9538"}],"curies":[{"name":"wp","href":"https:\/\/api.w.org\/{rel}","templated":true}]}}